{"id":4346,"date":"2021-04-05T03:36:55","date_gmt":"2021-04-05T01:36:55","guid":{"rendered":"https:\/\/bebright.photography\/hochzeit\/?p=4346"},"modified":"2023-07-23T14:07:27","modified_gmt":"2023-07-23T12:07:27","slug":"koelnsky-hochzeitslocation-koeln-nrw","status":"publish","type":"post","link":"https:\/\/bebright.photography\/hochzeit\/koelnsky-hochzeitslocation-koeln-nrw\/","title":{"rendered":"K\u00f6lnSKY Hochzeitslocation in K\u00f6ln &#8211; NRW mit gro\u00dfartiger Aussicht auf den Rhein"},"content":{"rendered":"\n<h1>K\u00f6lnSKY Hochzeitslocation in K\u00f6ln &#8211; NRW mit gro\u00dfartiger Aussicht auf den Rhein<\/h1>\n\n\n\n<p>K\u00f6lnSky ist eine au\u00dfergew\u00f6hnliche Hochzeitslocation f\u00fcr die Standesamtliche oder Freie Trauung und die Hochzeitsfeier in K\u00f6ln. K\u00f6ln Sky befindet sich in 100 Metern H\u00f6he in der Etage 27 und 28 der K\u00f6lntriangle. Es er\u00f6ffnet sich ein atemberaubender Ausblick auf K\u00f6ln und dr\u00fcber hinaus. K\u00f6lnSky bietet auch Zugang zu Rooftop Cologne &#8211; der Aussichtsplattform auf dem Dach. Am Ende dieses Artikels findet Ihr ein cooles Foto welches wir Nachts auf der Dachterrasse mit dem Brautpaar gemacht haben. K\u00f6ln bei Nacht bietet eine traumhafte Kulisse.<\/p>\n\n\n\n<p>Raummiete: ab 1900\u20ac<\/p>\n\n\n\n<div class=\"wp-block-columns wp-block-column-narrow\">\n<div class=\"wp-block-column\">\n<figure class=\"wp-block-image size-full\"><img loading=\"lazy\" width=\"1585\" height=\"1058\" src=\"https:\/\/bebright.photography\/hochzeit\/wp-content\/uploads\/sites\/2\/2021\/04\/Hochzeit-in-Koeln-Paarshooting-am-Rhein.jpg\" alt=\"Hochzeit in Koeln Paarshooting am Rhein\" class=\"wp-image-4358\" srcset=\"https:\/\/bebright.photography\/hochzeit\/wp-content\/uploads\/sites\/2\/2021\/04\/Hochzeit-in-Koeln-Paarshooting-am-Rhein.jpg 1585w, https:\/\/bebright.photography\/hochzeit\/wp-content\/uploads\/sites\/2\/2021\/04\/Hochzeit-in-Koeln-Paarshooting-am-Rhein-300x200.jpg 300w, https:\/\/bebright.photography\/hochzeit\/wp-content\/uploads\/sites\/2\/2021\/04\/Hochzeit-in-Koeln-Paarshooting-am-Rhein-1024x684.jpg 1024w, https:\/\/bebright.photography\/hochzeit\/wp-content\/uploads\/sites\/2\/2021\/04\/Hochzeit-in-Koeln-Paarshooting-am-Rhein-768x513.jpg 768w, https:\/\/bebright.photography\/hochzeit\/wp-content\/uploads\/sites\/2\/2021\/04\/Hochzeit-in-Koeln-Paarshooting-am-Rhein-1536x1025.jpg 1536w\" sizes=\"(max-width: 1585px) 100vw, 1585px\" \/><figcaption>Paarshooting am Rhein in K\u00f6ln<\/figcaption><\/figure>\n<\/div>\n\n\n\n<div class=\"wp-block-column\">\n<figure class=\"wp-block-image size-full\"><img loading=\"lazy\" width=\"1585\" height=\"1058\" src=\"https:\/\/bebright.photography\/hochzeit\/wp-content\/uploads\/sites\/2\/2021\/04\/Heiraten-in-KoelnSky-Aussicht-Hochzeit-n-Koeln.jpg\" alt=\"Heiraten in KoelnSky Aussicht Hochzeit n Koeln\" class=\"wp-image-4354\" srcset=\"https:\/\/bebright.photography\/hochzeit\/wp-content\/uploads\/sites\/2\/2021\/04\/Heiraten-in-KoelnSky-Aussicht-Hochzeit-n-Koeln.jpg 1585w, https:\/\/bebright.photography\/hochzeit\/wp-content\/uploads\/sites\/2\/2021\/04\/Heiraten-in-KoelnSky-Aussicht-Hochzeit-n-Koeln-300x200.jpg 300w, https:\/\/bebright.photography\/hochzeit\/wp-content\/uploads\/sites\/2\/2021\/04\/Heiraten-in-KoelnSky-Aussicht-Hochzeit-n-Koeln-1024x684.jpg 1024w, https:\/\/bebright.photography\/hochzeit\/wp-content\/uploads\/sites\/2\/2021\/04\/Heiraten-in-KoelnSky-Aussicht-Hochzeit-n-Koeln-768x513.jpg 768w, https:\/\/bebright.photography\/hochzeit\/wp-content\/uploads\/sites\/2\/2021\/04\/Heiraten-in-KoelnSky-Aussicht-Hochzeit-n-Koeln-1536x1025.jpg 1536w\" sizes=\"(max-width: 1585px) 100vw, 1585px\" \/><figcaption>K\u00f6lnSky bietet eine atemberaubende Aussicht, ein Highlight f\u00fcr die Hochzeit<\/figcaption><\/figure>\n<\/div>\n<\/div>\n\n\n\n<h2>Hochzeitslocation K\u00f6ln Triangle &#8211; das Geb\u00e4ude <\/h2>\n\n\n\n<p>Das imposante Geb\u00e4ude K\u00f6lntriangle erhebt sich 103 Meter \u00fcber K\u00f6ln und ist von weitem sichtbar. Hochzeitsg\u00e4ste die mit dem Auto ankommen, k\u00f6nnen in dem unterirdischen Parkhaus parken und kommen mitten im Innenhof raus. Die 25 Meter hohe Eingangshalle ist beeindruckend und steht ebenfalls f\u00fcr Hochzeiten zur Verf\u00fcgung. Aber in dieser Blogbeitrag dreht sich \u00fcberwiegend um K\u00f6lnSKY in der Etage 27 und 28.<\/p>\n\n\n\n<div class=\"wp-block-columns wp-block-column-narrow\">\n<div class=\"wp-block-column\">\n<figure class=\"wp-block-image size-full\"><img loading=\"lazy\" width=\"1585\" height=\"1058\" src=\"https:\/\/bebright.photography\/hochzeit\/wp-content\/uploads\/sites\/2\/2021\/04\/Hochzeit-in-KoelnTriangle-Heiraten-in-Koeln.jpg\" alt=\"Hochzeit in KoelnTriangle Heiraten in Koeln\" class=\"wp-image-4357\" srcset=\"https:\/\/bebright.photography\/hochzeit\/wp-content\/uploads\/sites\/2\/2021\/04\/Hochzeit-in-KoelnTriangle-Heiraten-in-Koeln.jpg 1585w, https:\/\/bebright.photography\/hochzeit\/wp-content\/uploads\/sites\/2\/2021\/04\/Hochzeit-in-KoelnTriangle-Heiraten-in-Koeln-300x200.jpg 300w, https:\/\/bebright.photography\/hochzeit\/wp-content\/uploads\/sites\/2\/2021\/04\/Hochzeit-in-KoelnTriangle-Heiraten-in-Koeln-1024x684.jpg 1024w, https:\/\/bebright.photography\/hochzeit\/wp-content\/uploads\/sites\/2\/2021\/04\/Hochzeit-in-KoelnTriangle-Heiraten-in-Koeln-768x513.jpg 768w, https:\/\/bebright.photography\/hochzeit\/wp-content\/uploads\/sites\/2\/2021\/04\/Hochzeit-in-KoelnTriangle-Heiraten-in-Koeln-1536x1025.jpg 1536w\" sizes=\"(max-width: 1585px) 100vw, 1585px\" \/><figcaption>Die Hochzeitslocation K\u00f6ln Sky befindet sich im K\u00f6lntriangle.<\/figcaption><\/figure>\n<\/div>\n\n\n\n<div class=\"wp-block-column\">\n<figure class=\"wp-block-image size-full\"><img loading=\"lazy\" width=\"1585\" height=\"1058\" src=\"https:\/\/bebright.photography\/hochzeit\/wp-content\/uploads\/sites\/2\/2021\/04\/Heiraten-in-KoelnSky-Hochzeit-in-Koeln.jpg\" alt=\"Heiraten in KoelnSky Hochzeit in Koeln\" class=\"wp-image-4355\" srcset=\"https:\/\/bebright.photography\/hochzeit\/wp-content\/uploads\/sites\/2\/2021\/04\/Heiraten-in-KoelnSky-Hochzeit-in-Koeln.jpg 1585w, https:\/\/bebright.photography\/hochzeit\/wp-content\/uploads\/sites\/2\/2021\/04\/Heiraten-in-KoelnSky-Hochzeit-in-Koeln-300x200.jpg 300w, https:\/\/bebright.photography\/hochzeit\/wp-content\/uploads\/sites\/2\/2021\/04\/Heiraten-in-KoelnSky-Hochzeit-in-Koeln-1024x684.jpg 1024w, https:\/\/bebright.photography\/hochzeit\/wp-content\/uploads\/sites\/2\/2021\/04\/Heiraten-in-KoelnSky-Hochzeit-in-Koeln-768x513.jpg 768w, https:\/\/bebright.photography\/hochzeit\/wp-content\/uploads\/sites\/2\/2021\/04\/Heiraten-in-KoelnSky-Hochzeit-in-Koeln-1536x1025.jpg 1536w\" sizes=\"(max-width: 1585px) 100vw, 1585px\" \/><figcaption>Euch erwartet ein imposantes Foyer im K\u00f6lntriangle.<\/figcaption><\/figure>\n<\/div>\n<\/div>\n\n\n\n<div class=\"wp-block-columns wp-block-column-narrow\">\n<div class=\"wp-block-column\">\n<figure class=\"wp-block-image size-full\"><img loading=\"lazy\" width=\"1585\" height=\"1058\" src=\"https:\/\/bebright.photography\/hochzeit\/wp-content\/uploads\/sites\/2\/2021\/04\/Mit-Aufzug-zur-Hochzeitslocation-KoelnSKY.jpg\" alt=\"Mit Aufzug zur Hochzeitslocation KoelnSKY\" class=\"wp-image-4626\" srcset=\"https:\/\/bebright.photography\/hochzeit\/wp-content\/uploads\/sites\/2\/2021\/04\/Mit-Aufzug-zur-Hochzeitslocation-KoelnSKY.jpg 1585w, https:\/\/bebright.photography\/hochzeit\/wp-content\/uploads\/sites\/2\/2021\/04\/Mit-Aufzug-zur-Hochzeitslocation-KoelnSKY-300x200.jpg 300w, https:\/\/bebright.photography\/hochzeit\/wp-content\/uploads\/sites\/2\/2021\/04\/Mit-Aufzug-zur-Hochzeitslocation-KoelnSKY-1024x684.jpg 1024w, https:\/\/bebright.photography\/hochzeit\/wp-content\/uploads\/sites\/2\/2021\/04\/Mit-Aufzug-zur-Hochzeitslocation-KoelnSKY-768x513.jpg 768w, https:\/\/bebright.photography\/hochzeit\/wp-content\/uploads\/sites\/2\/2021\/04\/Mit-Aufzug-zur-Hochzeitslocation-KoelnSKY-1536x1025.jpg 1536w\" sizes=\"(max-width: 1585px) 100vw, 1585px\" \/><figcaption>Der Aufzug bringt euch in den 27te Etage.<\/figcaption><\/figure>\n<\/div>\n\n\n\n<div class=\"wp-block-column\">\n<figure class=\"wp-block-image size-full\"><img loading=\"lazy\" width=\"1585\" height=\"1058\" src=\"https:\/\/bebright.photography\/hochzeit\/wp-content\/uploads\/sites\/2\/2021\/04\/Mit-Aufzug-zur-Hochzeitslocation-in-Koeln.jpg\" alt=\"Mit Aufzug zur Hochzeitslocation in Koeln\" class=\"wp-image-4627\" srcset=\"https:\/\/bebright.photography\/hochzeit\/wp-content\/uploads\/sites\/2\/2021\/04\/Mit-Aufzug-zur-Hochzeitslocation-in-Koeln.jpg 1585w, https:\/\/bebright.photography\/hochzeit\/wp-content\/uploads\/sites\/2\/2021\/04\/Mit-Aufzug-zur-Hochzeitslocation-in-Koeln-300x200.jpg 300w, https:\/\/bebright.photography\/hochzeit\/wp-content\/uploads\/sites\/2\/2021\/04\/Mit-Aufzug-zur-Hochzeitslocation-in-Koeln-1024x684.jpg 1024w, https:\/\/bebright.photography\/hochzeit\/wp-content\/uploads\/sites\/2\/2021\/04\/Mit-Aufzug-zur-Hochzeitslocation-in-Koeln-768x513.jpg 768w, https:\/\/bebright.photography\/hochzeit\/wp-content\/uploads\/sites\/2\/2021\/04\/Mit-Aufzug-zur-Hochzeitslocation-in-Koeln-1536x1025.jpg 1536w\" sizes=\"(max-width: 1585px) 100vw, 1585px\" \/><figcaption>Wir hallten immer Ausschau nach Emotionalen Momenten und m\u00f6gen das Mittendrin Gef\u00fchl in den Bildern.<\/figcaption><\/figure>\n<\/div>\n<\/div>\n\n\n\n<h2>Standesamtliche Trauung in K\u00f6ln Sky<\/h2>\n\n\n\n<p>Mit dem Aufzug geht es aus der Eingangshalle in die 27-te Etage. An der Garderobe vorbei kommt man in den Festsaal wo die Trauung stattfindet. Die Deckenh\u00f6he betr\u00e4gt drei Meter und die Fenster gehen vom Boden bis zur Decke. Die Aussicht die einen hier erwartet ist grandios! Ihr schaut auf den Rhein, den K\u00f6lner Dom, Die K\u00f6lner Altstadt und dr\u00fcber hinaus. Man sollte aber auch bedenken dass die Sonne wehrend der Trauung zu stark blenden kann und Ihr von den Jalousien gebrauch machen m\u00fcsst. Je nach dem zur welcher Jahreszeit ihr Heiratet, wird die Sonne anders verlaufen, die Angenehmste Zeit f\u00fcr die Trauung w\u00e4re wenn die Sonne ganz hoch steht, oder eine bis zwei Stunden vor Sonnenuntergang. Wie auf den Fotos zu sehen wurde bei dieser standesamtlichen Trauung die Jalousien zum Teil herunter gelassen. Die Bar befindet sich auch in dem Bereich wo die Trauung stattfindet und sorgt f\u00fcr Erfrischende Getr\u00e4nke f\u00fcr die Hochzeitsg\u00e4ste. Eine mobile Wand trennt den Dinner Bereich von dem Saal wo die Trauung stattfindet.  Auf dem Boden liegt sch\u00f6nes dunkles Parket. Die Innenwand gegen\u00fcber der Fensterfront ist rot und erstreckt sich \u00fcber den ganzen Saal. Ber\u00fccksichtigt ob das mit eurer Hochzeitsfarbe harmoniert.<\/p>\n\n\n\n<div class=\"wp-block-columns wp-block-column-narrow\">\n<div class=\"wp-block-column\">\n<figure class=\"wp-block-image size-full\"><img loading=\"lazy\" width=\"1585\" height=\"1058\" src=\"https:\/\/bebright.photography\/hochzeit\/wp-content\/uploads\/sites\/2\/2021\/04\/Standesamtliche-Trauung-in-KoelnSky-Hochzeit-in-Koeln.jpg\" alt=\"Standesamtliche Trauung in KoelnSky Hochzeit in Koeln\" class=\"wp-image-4380\" srcset=\"https:\/\/bebright.photography\/hochzeit\/wp-content\/uploads\/sites\/2\/2021\/04\/Standesamtliche-Trauung-in-KoelnSky-Hochzeit-in-Koeln.jpg 1585w, https:\/\/bebright.photography\/hochzeit\/wp-content\/uploads\/sites\/2\/2021\/04\/Standesamtliche-Trauung-in-KoelnSky-Hochzeit-in-Koeln-300x200.jpg 300w, https:\/\/bebright.photography\/hochzeit\/wp-content\/uploads\/sites\/2\/2021\/04\/Standesamtliche-Trauung-in-KoelnSky-Hochzeit-in-Koeln-1024x684.jpg 1024w, https:\/\/bebright.photography\/hochzeit\/wp-content\/uploads\/sites\/2\/2021\/04\/Standesamtliche-Trauung-in-KoelnSky-Hochzeit-in-Koeln-768x513.jpg 768w, https:\/\/bebright.photography\/hochzeit\/wp-content\/uploads\/sites\/2\/2021\/04\/Standesamtliche-Trauung-in-KoelnSky-Hochzeit-in-Koeln-1536x1025.jpg 1536w\" sizes=\"(max-width: 1585px) 100vw, 1585px\" \/><figcaption>F\u00fcr die Trauung steht ein goldfarbener gro\u00dfer Tisch bereit.<\/figcaption><\/figure>\n<\/div>\n\n\n\n<div class=\"wp-block-column\">\n<figure class=\"wp-block-image size-full\"><img loading=\"lazy\" width=\"1585\" height=\"1058\" src=\"https:\/\/bebright.photography\/hochzeit\/wp-content\/uploads\/sites\/2\/2021\/04\/Standesamtliche-Trauung-KoelnSky-Hochzeit-in-Koeln.jpg\" alt=\"Standesamtliche Trauung KoelnSky Hochzeit in Koeln\" class=\"wp-image-4612\" srcset=\"https:\/\/bebright.photography\/hochzeit\/wp-content\/uploads\/sites\/2\/2021\/04\/Standesamtliche-Trauung-KoelnSky-Hochzeit-in-Koeln.jpg 1585w, https:\/\/bebright.photography\/hochzeit\/wp-content\/uploads\/sites\/2\/2021\/04\/Standesamtliche-Trauung-KoelnSky-Hochzeit-in-Koeln-300x200.jpg 300w, https:\/\/bebright.photography\/hochzeit\/wp-content\/uploads\/sites\/2\/2021\/04\/Standesamtliche-Trauung-KoelnSky-Hochzeit-in-Koeln-1024x684.jpg 1024w, https:\/\/bebright.photography\/hochzeit\/wp-content\/uploads\/sites\/2\/2021\/04\/Standesamtliche-Trauung-KoelnSky-Hochzeit-in-Koeln-768x513.jpg 768w, https:\/\/bebright.photography\/hochzeit\/wp-content\/uploads\/sites\/2\/2021\/04\/Standesamtliche-Trauung-KoelnSky-Hochzeit-in-Koeln-1536x1025.jpg 1536w\" sizes=\"(max-width: 1585px) 100vw, 1585px\" \/><figcaption>Die Hochzeitslocation bietet Platz f\u00fcr viele G\u00e4ste.<\/figcaption><\/figure>\n<\/div>\n<\/div>\n\n\n\n<div class=\"wp-block-columns wp-block-column-narrow\">\n<div class=\"wp-block-column\"><\/div>\n\n\n\n<div class=\"wp-block-column\">\n<figure class=\"wp-block-image size-full\"><img loading=\"lazy\" width=\"1585\" height=\"1058\" src=\"https:\/\/bebright.photography\/hochzeit\/wp-content\/uploads\/sites\/2\/2021\/04\/Trauung-in-Koeln-Gaeste.jpg\" alt=\"Trauung in Koeln Gaeste\" class=\"wp-image-4637\" srcset=\"https:\/\/bebright.photography\/hochzeit\/wp-content\/uploads\/sites\/2\/2021\/04\/Trauung-in-Koeln-Gaeste.jpg 1585w, https:\/\/bebright.photography\/hochzeit\/wp-content\/uploads\/sites\/2\/2021\/04\/Trauung-in-Koeln-Gaeste-300x200.jpg 300w, https:\/\/bebright.photography\/hochzeit\/wp-content\/uploads\/sites\/2\/2021\/04\/Trauung-in-Koeln-Gaeste-1024x684.jpg 1024w, https:\/\/bebright.photography\/hochzeit\/wp-content\/uploads\/sites\/2\/2021\/04\/Trauung-in-Koeln-Gaeste-768x513.jpg 768w, https:\/\/bebright.photography\/hochzeit\/wp-content\/uploads\/sites\/2\/2021\/04\/Trauung-in-Koeln-Gaeste-1536x1025.jpg 1536w\" sizes=\"(max-width: 1585px) 100vw, 1585px\" \/><figcaption>Gratulationen nach der Trauung sind emotional und wundervoll.<\/figcaption><\/figure>\n<\/div>\n<\/div>\n\n\n\n<p>Nach der Trauung erwarten euch neben den Gratulationen der G\u00e4ste &#8211; Erfrischungsgetr\u00e4nke und Fingerfood. K\u00f6lnSky bietet mehrere Optionen f\u00fcr Verpflegung. <\/p>\n\n\n\n<div class=\"wp-block-columns wp-block-column-narrow\">\n<div class=\"wp-block-column\">\n<figure class=\"wp-block-image size-full\"><img loading=\"lazy\" width=\"1585\" height=\"1058\" src=\"https:\/\/bebright.photography\/hochzeit\/wp-content\/uploads\/sites\/2\/2021\/04\/sektempfang-trauung-koeln-hochzeit-koelnsky.jpg\" alt=\"sektempfang trauung koeln hochzeit koelnsky\" class=\"wp-image-4581\" srcset=\"https:\/\/bebright.photography\/hochzeit\/wp-content\/uploads\/sites\/2\/2021\/04\/sektempfang-trauung-koeln-hochzeit-koelnsky.jpg 1585w, https:\/\/bebright.photography\/hochzeit\/wp-content\/uploads\/sites\/2\/2021\/04\/sektempfang-trauung-koeln-hochzeit-koelnsky-300x200.jpg 300w, https:\/\/bebright.photography\/hochzeit\/wp-content\/uploads\/sites\/2\/2021\/04\/sektempfang-trauung-koeln-hochzeit-koelnsky-1024x684.jpg 1024w, https:\/\/bebright.photography\/hochzeit\/wp-content\/uploads\/sites\/2\/2021\/04\/sektempfang-trauung-koeln-hochzeit-koelnsky-768x513.jpg 768w, https:\/\/bebright.photography\/hochzeit\/wp-content\/uploads\/sites\/2\/2021\/04\/sektempfang-trauung-koeln-hochzeit-koelnsky-1536x1025.jpg 1536w\" sizes=\"(max-width: 1585px) 100vw, 1585px\" \/><figcaption>Fingerfood beim Sektempfang nach der Trauung in K\u00f6lnSKY<\/figcaption><\/figure>\n<\/div>\n\n\n\n<div class=\"wp-block-column wp-block-column-narrow\">\n<figure class=\"wp-block-image size-full\"><img src=\"https:\/\/bebright.photography\/hochzeit\/wp-content\/uploads\/sites\/2\/2021\/04\/Hochzeitslocation-in-Koeln-KoelnSKY.jpg\" alt=\"Hochzeitslocation in Koeln KoelnSKY\" class=\"wp-image-4643\"\/><figcaption>Nach der Trauung geh\u00f6rt Ihr ganz euren G\u00e4sten.<\/figcaption><\/figure>\n<\/div>\n<\/div>\n\n\n\n<h2>Hochzeitsfeier in der 27ten Etage von KolnSky <\/h2>\n\n\n\n<p>Die Hochzeitslocation ist f\u00fcr bis zu 160 Personen ausgelegt wenn die G\u00e4ste an runden Tischen mit 10 Personen pro Tisch platz nehmen. Allerdings ist dann die gesamte 27te Etage mit Tischen vollgestellt. Um eine Tanzfl\u00e4che zu schaffen werden mehrere Tische wegger\u00e4umt werden m\u00fcssen. Das ist in der Regel unproblematisch, weil die G\u00e4ste nach dem Dinner kaum an Ihrem Platz  sitzen. Wir finden die Hochzeitslocation eher f\u00fcr maximal 100 bis 120 Personen besser geeignet, dann bleibt genug Platz f\u00fcr das B\u00fcffet und die Tanzfl\u00e4che ohne dass Tische wegger\u00e4umt werden m\u00fcssen. Weniger G\u00e4ste sind kein Problem, die ganze Location kann immer \u00fcberblick werden, so dass Hochzeiten mit weniger G\u00e4sten nicht &#8220;leer&#8221; wirken. <a href=\"https:\/\/koelnsky.com\/wp-content\/uploads\/2017\/11\/koelnsky-bestuhlung-27-etage-rhein.pdf\" data-type=\"URL\" data-id=\"https:\/\/koelnsky.com\/wp-content\/uploads\/2017\/11\/koelnsky-bestuhlung-27-etage-rhein.pdf\"><span style=\"text-decoration: underline;\">Den Belegungsplan von K\u00f6lnSKY 27te Etage findet ihr hier.<\/span><\/a><\/p>\n\n\n\n<div class=\"wp-block-columns wp-block-column-narrow\">\n<div class=\"wp-block-column\">\n<figure class=\"wp-block-image size-full\"><img loading=\"lazy\" width=\"1585\" height=\"1058\" src=\"https:\/\/bebright.photography\/hochzeit\/wp-content\/uploads\/sites\/2\/2021\/04\/Hochzeitslocation-KoelnSky-Hochzeitsfeier-in-Koeln.jpg\" alt=\"Hochzeitslocation KoelnSky Hochzeitsfeier in Koeln\" class=\"wp-image-4606\" srcset=\"https:\/\/bebright.photography\/hochzeit\/wp-content\/uploads\/sites\/2\/2021\/04\/Hochzeitslocation-KoelnSky-Hochzeitsfeier-in-Koeln.jpg 1585w, https:\/\/bebright.photography\/hochzeit\/wp-content\/uploads\/sites\/2\/2021\/04\/Hochzeitslocation-KoelnSky-Hochzeitsfeier-in-Koeln-300x200.jpg 300w, https:\/\/bebright.photography\/hochzeit\/wp-content\/uploads\/sites\/2\/2021\/04\/Hochzeitslocation-KoelnSky-Hochzeitsfeier-in-Koeln-1024x684.jpg 1024w, https:\/\/bebright.photography\/hochzeit\/wp-content\/uploads\/sites\/2\/2021\/04\/Hochzeitslocation-KoelnSky-Hochzeitsfeier-in-Koeln-768x513.jpg 768w, https:\/\/bebright.photography\/hochzeit\/wp-content\/uploads\/sites\/2\/2021\/04\/Hochzeitslocation-KoelnSky-Hochzeitsfeier-in-Koeln-1536x1025.jpg 1536w\" sizes=\"(max-width: 1585px) 100vw, 1585px\" \/><figcaption>F\u00fcr die Hochzeitsfeier bietet die Location runde Tische, Hussen, und Deko an. Eine Mikrofonanlage steht zur Verf\u00fcgung.<\/figcaption><\/figure>\n<\/div>\n\n\n\n<div class=\"wp-block-column\">\n<figure class=\"wp-block-image size-full\"><img loading=\"lazy\" width=\"1585\" height=\"1058\" src=\"https:\/\/bebright.photography\/hochzeit\/wp-content\/uploads\/sites\/2\/2021\/04\/Hochzeitsdeko-Tischdeko-Brauttisch.jpg\" alt=\"Hochzeitsdeko Tischdeko Brauttisch\" class=\"wp-image-4607\" srcset=\"https:\/\/bebright.photography\/hochzeit\/wp-content\/uploads\/sites\/2\/2021\/04\/Hochzeitsdeko-Tischdeko-Brauttisch.jpg 1585w, https:\/\/bebright.photography\/hochzeit\/wp-content\/uploads\/sites\/2\/2021\/04\/Hochzeitsdeko-Tischdeko-Brauttisch-300x200.jpg 300w, https:\/\/bebright.photography\/hochzeit\/wp-content\/uploads\/sites\/2\/2021\/04\/Hochzeitsdeko-Tischdeko-Brauttisch-1024x684.jpg 1024w, https:\/\/bebright.photography\/hochzeit\/wp-content\/uploads\/sites\/2\/2021\/04\/Hochzeitsdeko-Tischdeko-Brauttisch-768x513.jpg 768w, https:\/\/bebright.photography\/hochzeit\/wp-content\/uploads\/sites\/2\/2021\/04\/Hochzeitsdeko-Tischdeko-Brauttisch-1536x1025.jpg 1536w\" sizes=\"(max-width: 1585px) 100vw, 1585px\" \/><figcaption>K\u00f6lnSKY bietet eine Auswahl an Hochzeitsdekoration Paketen an.<\/figcaption><\/figure>\n<\/div>\n<\/div>\n\n\n\n<div class=\"wp-block-columns wp-block-column-narrow\">\n<div class=\"wp-block-column\">\n<figure class=\"wp-block-image size-full\"><img loading=\"lazy\" width=\"1585\" height=\"1058\" src=\"https:\/\/bebright.photography\/hochzeit\/wp-content\/uploads\/sites\/2\/2021\/04\/koelnsky-essen-empfang-hochzeit-fingerfood.jpg\" alt=\"koelnsky essen empfang hochzeit fingerfood\" class=\"wp-image-4582\" srcset=\"https:\/\/bebright.photography\/hochzeit\/wp-content\/uploads\/sites\/2\/2021\/04\/koelnsky-essen-empfang-hochzeit-fingerfood.jpg 1585w, https:\/\/bebright.photography\/hochzeit\/wp-content\/uploads\/sites\/2\/2021\/04\/koelnsky-essen-empfang-hochzeit-fingerfood-300x200.jpg 300w, https:\/\/bebright.photography\/hochzeit\/wp-content\/uploads\/sites\/2\/2021\/04\/koelnsky-essen-empfang-hochzeit-fingerfood-1024x684.jpg 1024w, https:\/\/bebright.photography\/hochzeit\/wp-content\/uploads\/sites\/2\/2021\/04\/koelnsky-essen-empfang-hochzeit-fingerfood-768x513.jpg 768w, https:\/\/bebright.photography\/hochzeit\/wp-content\/uploads\/sites\/2\/2021\/04\/koelnsky-essen-empfang-hochzeit-fingerfood-1536x1025.jpg 1536w\" sizes=\"(max-width: 1585px) 100vw, 1585px\" \/><figcaption>Die Vorspeise bedient jeden Geschmack.<\/figcaption><\/figure>\n<\/div>\n\n\n\n<div class=\"wp-block-column\">\n<figure class=\"wp-block-image size-full\"><img loading=\"lazy\" width=\"1585\" height=\"1058\" src=\"https:\/\/bebright.photography\/hochzeit\/wp-content\/uploads\/sites\/2\/2021\/04\/Buffet-oder-Menue-fuer-Hochzeit.jpg\" alt=\"Buffet oder Menue fuer Hochzeit\" class=\"wp-image-4641\" srcset=\"https:\/\/bebright.photography\/hochzeit\/wp-content\/uploads\/sites\/2\/2021\/04\/Buffet-oder-Menue-fuer-Hochzeit.jpg 1585w, https:\/\/bebright.photography\/hochzeit\/wp-content\/uploads\/sites\/2\/2021\/04\/Buffet-oder-Menue-fuer-Hochzeit-300x200.jpg 300w, https:\/\/bebright.photography\/hochzeit\/wp-content\/uploads\/sites\/2\/2021\/04\/Buffet-oder-Menue-fuer-Hochzeit-1024x684.jpg 1024w, https:\/\/bebright.photography\/hochzeit\/wp-content\/uploads\/sites\/2\/2021\/04\/Buffet-oder-Menue-fuer-Hochzeit-768x513.jpg 768w, https:\/\/bebright.photography\/hochzeit\/wp-content\/uploads\/sites\/2\/2021\/04\/Buffet-oder-Menue-fuer-Hochzeit-1536x1025.jpg 1536w\" sizes=\"(max-width: 1585px) 100vw, 1585px\" \/><figcaption>K\u00f6lnSky bietet mehrere Hochzeitspakete f\u00fcr das Essen an.<\/figcaption><\/figure>\n<\/div>\n<\/div>\n\n\n\n<div class=\"wp-block-columns wp-block-column-narrow\">\n<div class=\"wp-block-column\">\n<figure class=\"wp-block-image size-full\"><img loading=\"lazy\" width=\"1585\" height=\"1058\" src=\"https:\/\/bebright.photography\/hochzeit\/wp-content\/uploads\/sites\/2\/2021\/04\/Kinder-auf-Hochzeit-Ideen.jpg\" alt=\"Kinder auf Hochzeit Ideen\" class=\"wp-image-4632\" srcset=\"https:\/\/bebright.photography\/hochzeit\/wp-content\/uploads\/sites\/2\/2021\/04\/Kinder-auf-Hochzeit-Ideen.jpg 1585w, https:\/\/bebright.photography\/hochzeit\/wp-content\/uploads\/sites\/2\/2021\/04\/Kinder-auf-Hochzeit-Ideen-300x200.jpg 300w, https:\/\/bebright.photography\/hochzeit\/wp-content\/uploads\/sites\/2\/2021\/04\/Kinder-auf-Hochzeit-Ideen-1024x684.jpg 1024w, https:\/\/bebright.photography\/hochzeit\/wp-content\/uploads\/sites\/2\/2021\/04\/Kinder-auf-Hochzeit-Ideen-768x513.jpg 768w, https:\/\/bebright.photography\/hochzeit\/wp-content\/uploads\/sites\/2\/2021\/04\/Kinder-auf-Hochzeit-Ideen-1536x1025.jpg 1536w\" sizes=\"(max-width: 1585px) 100vw, 1585px\" \/><figcaption>Ein Kindertisch ist eine gute Idee um Kinder zu besch\u00e4ftigen.<\/figcaption><\/figure>\n<\/div>\n\n\n\n<div class=\"wp-block-column\">\n<figure class=\"wp-block-image size-full\"><img loading=\"lazy\" width=\"1585\" height=\"1058\" src=\"https:\/\/bebright.photography\/hochzeit\/wp-content\/uploads\/sites\/2\/2021\/04\/Kinderspiele-Hochzeit-Kinderbeschaeftigung.jpg\" alt=\"Kinderspiele Hochzeit Kinderbeschaeftigung\" class=\"wp-image-4633\" srcset=\"https:\/\/bebright.photography\/hochzeit\/wp-content\/uploads\/sites\/2\/2021\/04\/Kinderspiele-Hochzeit-Kinderbeschaeftigung.jpg 1585w, https:\/\/bebright.photography\/hochzeit\/wp-content\/uploads\/sites\/2\/2021\/04\/Kinderspiele-Hochzeit-Kinderbeschaeftigung-300x200.jpg 300w, https:\/\/bebright.photography\/hochzeit\/wp-content\/uploads\/sites\/2\/2021\/04\/Kinderspiele-Hochzeit-Kinderbeschaeftigung-1024x684.jpg 1024w, https:\/\/bebright.photography\/hochzeit\/wp-content\/uploads\/sites\/2\/2021\/04\/Kinderspiele-Hochzeit-Kinderbeschaeftigung-768x513.jpg 768w, https:\/\/bebright.photography\/hochzeit\/wp-content\/uploads\/sites\/2\/2021\/04\/Kinderspiele-Hochzeit-Kinderbeschaeftigung-1536x1025.jpg 1536w\" sizes=\"(max-width: 1585px) 100vw, 1585px\" \/><figcaption>Kinder sind besch\u00e4ftigt, Eltern haben Spa\u00df.<\/figcaption><\/figure>\n<\/div>\n<\/div>\n\n\n\n<div class=\"wp-block-columns wp-block-column-narrow\">\n<div class=\"wp-block-column\">\n<figure class=\"wp-block-image size-full\"><img loading=\"lazy\" width=\"1585\" height=\"1058\" src=\"https:\/\/bebright.photography\/hochzeit\/wp-content\/uploads\/sites\/2\/2021\/04\/Hochzeit-Paarshooting-in-Koeln.jpg\" alt=\"Hochzeit Paarshooting in Koeln\" class=\"wp-image-4648\" srcset=\"https:\/\/bebright.photography\/hochzeit\/wp-content\/uploads\/sites\/2\/2021\/04\/Hochzeit-Paarshooting-in-Koeln.jpg 1585w, https:\/\/bebright.photography\/hochzeit\/wp-content\/uploads\/sites\/2\/2021\/04\/Hochzeit-Paarshooting-in-Koeln-300x200.jpg 300w, https:\/\/bebright.photography\/hochzeit\/wp-content\/uploads\/sites\/2\/2021\/04\/Hochzeit-Paarshooting-in-Koeln-1024x684.jpg 1024w, https:\/\/bebright.photography\/hochzeit\/wp-content\/uploads\/sites\/2\/2021\/04\/Hochzeit-Paarshooting-in-Koeln-768x513.jpg 768w, https:\/\/bebright.photography\/hochzeit\/wp-content\/uploads\/sites\/2\/2021\/04\/Hochzeit-Paarshooting-in-Koeln-1536x1025.jpg 1536w\" sizes=\"(max-width: 1585px) 100vw, 1585px\" \/><figcaption>Rund um KolnSKY gibt es coole Locationen f\u00fcr das Paarshooting.<\/figcaption><\/figure>\n<\/div>\n\n\n\n<div class=\"wp-block-column\"><\/div>\n<\/div>\n\n\n\n<div class=\"wp-block-columns wp-block-column-narrow\">\n<div class=\"wp-block-column\">\n<figure class=\"wp-block-image size-full\"><img loading=\"lazy\" width=\"1585\" height=\"1058\" src=\"https:\/\/bebright.photography\/hochzeit\/wp-content\/uploads\/sites\/2\/2021\/04\/Brautpaarfotoshooting-in-Koeln.jpg\" alt=\"Brautpaarfotoshooting in Koeln\" class=\"wp-image-4651\" srcset=\"https:\/\/bebright.photography\/hochzeit\/wp-content\/uploads\/sites\/2\/2021\/04\/Brautpaarfotoshooting-in-Koeln.jpg 1585w, https:\/\/bebright.photography\/hochzeit\/wp-content\/uploads\/sites\/2\/2021\/04\/Brautpaarfotoshooting-in-Koeln-300x200.jpg 300w, https:\/\/bebright.photography\/hochzeit\/wp-content\/uploads\/sites\/2\/2021\/04\/Brautpaarfotoshooting-in-Koeln-1024x684.jpg 1024w, https:\/\/bebright.photography\/hochzeit\/wp-content\/uploads\/sites\/2\/2021\/04\/Brautpaarfotoshooting-in-Koeln-768x513.jpg 768w, https:\/\/bebright.photography\/hochzeit\/wp-content\/uploads\/sites\/2\/2021\/04\/Brautpaarfotoshooting-in-Koeln-1536x1025.jpg 1536w\" sizes=\"(max-width: 1585px) 100vw, 1585px\" \/><figcaption>Das Paarshooting geh\u00f6rt euch allein.<\/figcaption><\/figure>\n<\/div>\n\n\n\n<div class=\"wp-block-column\">\n<figure class=\"wp-block-image size-full\"><img loading=\"lazy\" width=\"1585\" height=\"1058\" src=\"https:\/\/bebright.photography\/hochzeit\/wp-content\/uploads\/sites\/2\/2021\/04\/Hochzeit-in-Koeln-Hochzeitsfotograf.jpg\" alt=\"Hochzeit in Koeln Hochzeitsfotograf\" class=\"wp-image-4652\" srcset=\"https:\/\/bebright.photography\/hochzeit\/wp-content\/uploads\/sites\/2\/2021\/04\/Hochzeit-in-Koeln-Hochzeitsfotograf.jpg 1585w, https:\/\/bebright.photography\/hochzeit\/wp-content\/uploads\/sites\/2\/2021\/04\/Hochzeit-in-Koeln-Hochzeitsfotograf-300x200.jpg 300w, https:\/\/bebright.photography\/hochzeit\/wp-content\/uploads\/sites\/2\/2021\/04\/Hochzeit-in-Koeln-Hochzeitsfotograf-1024x684.jpg 1024w, https:\/\/bebright.photography\/hochzeit\/wp-content\/uploads\/sites\/2\/2021\/04\/Hochzeit-in-Koeln-Hochzeitsfotograf-768x513.jpg 768w, https:\/\/bebright.photography\/hochzeit\/wp-content\/uploads\/sites\/2\/2021\/04\/Hochzeit-in-Koeln-Hochzeitsfotograf-1536x1025.jpg 1536w\" sizes=\"(max-width: 1585px) 100vw, 1585px\" \/><figcaption>Noch bevor die G\u00e4ste anfangen euch zu vermissen, sind wir nach einem kurzen Paarshooting wieder da.<\/figcaption><\/figure>\n<\/div>\n<\/div>\n\n\n\n<div class=\"wp-block-columns wp-block-column-narrow\">\n<div class=\"wp-block-column\">\n<figure class=\"wp-block-image size-full\"><img loading=\"lazy\" width=\"1585\" height=\"1058\" src=\"https:\/\/bebright.photography\/hochzeit\/wp-content\/uploads\/sites\/2\/2021\/04\/Hochzeitsfeier-KoelnSky-Hochzeit-in-Koeln-Aussicht.jpg\" alt=\"Hochzeitsfeier KoelnSky Hochzeit in Koeln Aussicht\" class=\"wp-image-4385\" srcset=\"https:\/\/bebright.photography\/hochzeit\/wp-content\/uploads\/sites\/2\/2021\/04\/Hochzeitsfeier-KoelnSky-Hochzeit-in-Koeln-Aussicht.jpg 1585w, https:\/\/bebright.photography\/hochzeit\/wp-content\/uploads\/sites\/2\/2021\/04\/Hochzeitsfeier-KoelnSky-Hochzeit-in-Koeln-Aussicht-300x200.jpg 300w, https:\/\/bebright.photography\/hochzeit\/wp-content\/uploads\/sites\/2\/2021\/04\/Hochzeitsfeier-KoelnSky-Hochzeit-in-Koeln-Aussicht-1024x684.jpg 1024w, https:\/\/bebright.photography\/hochzeit\/wp-content\/uploads\/sites\/2\/2021\/04\/Hochzeitsfeier-KoelnSky-Hochzeit-in-Koeln-Aussicht-768x513.jpg 768w, https:\/\/bebright.photography\/hochzeit\/wp-content\/uploads\/sites\/2\/2021\/04\/Hochzeitsfeier-KoelnSky-Hochzeit-in-Koeln-Aussicht-1536x1025.jpg 1536w\" sizes=\"(max-width: 1585px) 100vw, 1585px\" \/><figcaption>Die untergehende Sonne hinter dem K\u00f6lner Dom sieht traumhaft aus<\/figcaption><\/figure>\n<\/div>\n\n\n\n<div class=\"wp-block-column\">\n<figure class=\"wp-block-image size-full\"><img loading=\"lazy\" width=\"1585\" height=\"1058\" src=\"https:\/\/bebright.photography\/hochzeit\/wp-content\/uploads\/sites\/2\/2021\/04\/Hochzeitsfeier-KoelnSky-Heiraten-in-Koeln-Aussicht-Abends.jpg\" alt=\"Hochzeitsfeier KoelnSky Heiraten in Koeln Aussicht Abends\" class=\"wp-image-4617\" srcset=\"https:\/\/bebright.photography\/hochzeit\/wp-content\/uploads\/sites\/2\/2021\/04\/Hochzeitsfeier-KoelnSky-Heiraten-in-Koeln-Aussicht-Abends.jpg 1585w, https:\/\/bebright.photography\/hochzeit\/wp-content\/uploads\/sites\/2\/2021\/04\/Hochzeitsfeier-KoelnSky-Heiraten-in-Koeln-Aussicht-Abends-300x200.jpg 300w, https:\/\/bebright.photography\/hochzeit\/wp-content\/uploads\/sites\/2\/2021\/04\/Hochzeitsfeier-KoelnSky-Heiraten-in-Koeln-Aussicht-Abends-1024x684.jpg 1024w, https:\/\/bebright.photography\/hochzeit\/wp-content\/uploads\/sites\/2\/2021\/04\/Hochzeitsfeier-KoelnSky-Heiraten-in-Koeln-Aussicht-Abends-768x513.jpg 768w, https:\/\/bebright.photography\/hochzeit\/wp-content\/uploads\/sites\/2\/2021\/04\/Hochzeitsfeier-KoelnSky-Heiraten-in-Koeln-Aussicht-Abends-1536x1025.jpg 1536w\" sizes=\"(max-width: 1585px) 100vw, 1585px\" \/><figcaption>Nach dem Sonnenuntergang weicht das warme Licht und der blauen Stunde, ein wundervolles Lichtspiel.<\/figcaption><\/figure>\n<\/div>\n<\/div>\n\n\n\n<div class=\"wp-block-columns wp-block-column-narrow\">\n<div class=\"wp-block-column\">\n<figure class=\"wp-block-image size-full\"><img loading=\"lazy\" width=\"1585\" height=\"1058\" src=\"https:\/\/bebright.photography\/hochzeit\/wp-content\/uploads\/sites\/2\/2021\/04\/Hochzeitsfeier-in-Koeln-Party-KoelnSKY.jpg\" alt=\"Hochzeitsfeier in Koeln Party KoelnSKY\" class=\"wp-image-4655\" srcset=\"https:\/\/bebright.photography\/hochzeit\/wp-content\/uploads\/sites\/2\/2021\/04\/Hochzeitsfeier-in-Koeln-Party-KoelnSKY.jpg 1585w, https:\/\/bebright.photography\/hochzeit\/wp-content\/uploads\/sites\/2\/2021\/04\/Hochzeitsfeier-in-Koeln-Party-KoelnSKY-300x200.jpg 300w, https:\/\/bebright.photography\/hochzeit\/wp-content\/uploads\/sites\/2\/2021\/04\/Hochzeitsfeier-in-Koeln-Party-KoelnSKY-1024x684.jpg 1024w, https:\/\/bebright.photography\/hochzeit\/wp-content\/uploads\/sites\/2\/2021\/04\/Hochzeitsfeier-in-Koeln-Party-KoelnSKY-768x513.jpg 768w, https:\/\/bebright.photography\/hochzeit\/wp-content\/uploads\/sites\/2\/2021\/04\/Hochzeitsfeier-in-Koeln-Party-KoelnSKY-1536x1025.jpg 1536w\" sizes=\"(max-width: 1585px) 100vw, 1585px\" \/><figcaption>Die Party geht ab! Wir mischen die Partybeleuchtung des DJ mit unserer Blitzanlage f\u00fcr coole Bilder.<\/figcaption><\/figure>\n<\/div>\n\n\n\n<div class=\"wp-block-column\">\n<figure class=\"wp-block-image size-full\"><img loading=\"lazy\" width=\"1585\" height=\"1058\" src=\"https:\/\/bebright.photography\/hochzeit\/wp-content\/uploads\/sites\/2\/2021\/04\/Fotobox-fuer-Hochzeit-mit-Requisiten.jpg\" alt=\"Fotobox fuer Hochzeit mit Requisiten\" class=\"wp-image-4656\" srcset=\"https:\/\/bebright.photography\/hochzeit\/wp-content\/uploads\/sites\/2\/2021\/04\/Fotobox-fuer-Hochzeit-mit-Requisiten.jpg 1585w, https:\/\/bebright.photography\/hochzeit\/wp-content\/uploads\/sites\/2\/2021\/04\/Fotobox-fuer-Hochzeit-mit-Requisiten-300x200.jpg 300w, https:\/\/bebright.photography\/hochzeit\/wp-content\/uploads\/sites\/2\/2021\/04\/Fotobox-fuer-Hochzeit-mit-Requisiten-1024x684.jpg 1024w, https:\/\/bebright.photography\/hochzeit\/wp-content\/uploads\/sites\/2\/2021\/04\/Fotobox-fuer-Hochzeit-mit-Requisiten-768x513.jpg 768w, https:\/\/bebright.photography\/hochzeit\/wp-content\/uploads\/sites\/2\/2021\/04\/Fotobox-fuer-Hochzeit-mit-Requisiten-1536x1025.jpg 1536w\" sizes=\"(max-width: 1585px) 100vw, 1585px\" \/><figcaption>Eine Fotobox sorgt bei bei allen G\u00e4sten f\u00fcr Begeisterung.<\/figcaption><\/figure>\n<\/div>\n<\/div>\n\n\n\n<h2>Bewertung der Hochzeitslocation K\u00f6lnSky in K\u00f6ln NRW<\/h2>\n\n\n\n<p>Wir k\u00f6nnen als Hochzeitsfotografen die Hochzeitslocation K\u00f6lnSKY empfehlen. Es gibt nur wenige Lokationen die einen vergleichbaren Ausblick bieten. Auch bietet K\u00f6lnSky &#8220;all inclusive&#8221; Pakete mit Bewirtung und Dekoration an, so dass Ihr euch entspannt zur\u00fccklegen k\u00f6nnt. Die Location ist sehr flexibel was die G\u00e4steanzahl angeht.<\/p>\n\n\n\n<p><strong>Anmerkung: <\/strong>Diese Hochzeitslocation Review f\u00fcr K\u00f6lnSKY basiert auf unser eigenen Erfahrung und den f\u00fcr 2021 vorliegenden Informationen. F\u00fcr eine aktuelle Auskunft kontaktiert bitte <a href=\"https:\/\/koelnsky.com\/kontakt\/\" data-type=\"URL\" data-id=\"https:\/\/koelnsky.com\/kontakt\/\"><em><span style=\"text-decoration: underline;\">K\u00f6lnSKY<\/span><\/em><\/a> direkt. Wir \u00fcbernehmen keine Haftung f\u00fcr abweichende Daten. Dieses Hochzeitslocation Review wird aktuell noch erweitert.<\/p>\n\n\n\n<p><strong>Danksagung:<\/strong> Wir danken unserem coolen Brautpaar f\u00fcr diesen unvergesslichen Tag und die Freundschaft. ALL LOVE!<\/p>\n\n\n\n<div style=\"height:50px\" aria-hidden=\"true\" class=\"wp-block-spacer\"><\/div>\n\n\n\n<div class=\"wp-block-image margin-bottom-zero\"><figure class=\"aligncenter size-large is-resized\"><img loading=\"lazy\" src=\"https:\/\/bebright.photography\/hochzeit\/wp-content\/uploads\/sites\/2\/2020\/04\/schwarzesherz-75px.png\" alt=\"schwarzesherz 75px\" class=\"wp-image-479\" width=\"50\" height=\"50\"\/><\/figure><\/div>\n\n\n\n<p class=\"has-text-align-center margin-bottom-zero\">Jarina und Jan<\/p>\n\n\n\n<p class=\"has-text-align-center margin-bottom-zero\"><a href=\"https:\/\/bebright.photography\/hochzeit\/momente\/\" data-type=\"URL\" data-id=\"https:\/\/bebright.photography\/hochzeit\/momente\/\">BE BRIGHT PHOTOGRAPHY<\/a><\/p>\n","protected":false},"excerpt":{"rendered":"<p>K\u00f6lnSky ist eine au\u00dfergew\u00f6hnliche Hochzeitslocation in K\u00f6ln NRW. Mit der Aussicht auf K\u00f6ln aus 100 Metern H\u00f6he k\u00f6nnt ihr euch standesamtlich trauen lassen oder eine freie Trauung haben<\/p>\n","protected":false},"author":1,"featured_media":4358,"comment_status":"open","ping_status":"open","sticky":false,"template":"","format":"standard","meta":{"_seopress_robots_primary_cat":"none","_seopress_titles_title":"K\u00f6lnSKY Hochzeitslocation in K\u00f6ln - NRW mit gro\u00dfartiger Aussicht auf den Rhein","_seopress_titles_desc":"K\u00f6lnSky ist eine au\u00dfergew\u00f6hnliche Hochzeitslocation in K\u00f6ln NRW. Mit der Aussicht auf K\u00f6ln aus 100 Metern H\u00f6he k\u00f6nnt ihr euch standesamtlich trauen lassen oder eine freie Trauung haben","_seopress_robots_index":""},"categories":[17],"tags":[],"_links":{"self":[{"href":"https:\/\/bebright.photography\/hochzeit\/wp-json\/wp\/v2\/posts\/4346"}],"collection":[{"href":"https:\/\/bebright.photography\/hochzeit\/wp-json\/wp\/v2\/posts"}],"about":[{"href":"https:\/\/bebright.photography\/hochzeit\/wp-json\/wp\/v2\/types\/post"}],"author":[{"embeddable":true,"href":"https:\/\/bebright.photography\/hochzeit\/wp-json\/wp\/v2\/users\/1"}],"replies":[{"embeddable":true,"href":"https:\/\/bebright.photography\/hochzeit\/wp-json\/wp\/v2\/comments?post=4346"}],"version-history":[{"count":10,"href":"https:\/\/bebright.photography\/hochzeit\/wp-json\/wp\/v2\/posts\/4346\/revisions"}],"predecessor-version":[{"id":7004,"href":"https:\/\/bebright.photography\/hochzeit\/wp-json\/wp\/v2\/posts\/4346\/revisions\/7004"}],"wp:featuredmedia":[{"embeddable":true,"href":"https:\/\/bebright.photography\/hochzeit\/wp-json\/wp\/v2\/media\/4358"}],"wp:attachment":[{"href":"https:\/\/bebright.photography\/hochzeit\/wp-json\/wp\/v2\/media?parent=4346"}],"wp:term":[{"taxonomy":"category","embeddable":true,"href":"https:\/\/bebright.photography\/hochzeit\/wp-json\/wp\/v2\/categories?post=4346"},{"taxonomy":"post_tag","embeddable":true,"href":"https:\/\/bebright.photography\/hochzeit\/wp-json\/wp\/v2\/tags?post=4346"}],"curies":[{"name":"wp","href":"https:\/\/api.w.org\/{rel}","templated":true}]}}